{"id":2113,"date":"2023-12-22T11:11:16","date_gmt":"2023-12-22T11:11:16","guid":{"rendered":"https:\/\/settlers.hu\/kihirdetesre-kerult-a-2024-tol-hatalyos-uj-idegenrendeszeti-torveny\/"},"modified":"2024-04-23T07:28:58","modified_gmt":"2024-04-23T07:28:58","slug":"kihirdetesre-kerult-a-2024-tol-hatalyos-uj-idegenrendeszeti-torveny","status":"publish","type":"post","link":"https:\/\/settlers.hu\/hu\/kihirdetesre-kerult-a-2024-tol-hatalyos-uj-idegenrendeszeti-torveny\/","title":{"rendered":"Kihirdet\u00e9sre ker\u00fclt a 2024-t\u0151l hat\u00e1lyos, \u00faj idegenrend\u00e9szeti t\u00f6rv\u00e9ny"},"content":{"rendered":"\t\t<div data-elementor-type=\"wp-post\" data-elementor-id=\"2113\" class=\"elementor elementor-2113 elementor-2105\" data-elementor-post-type=\"post\">\n\t\t\t\t\t\t<section class=\"elementor-section elementor-top-section elementor-element elementor-element-9597920 elementor-section-boxed elementor-section-height-default elementor-section-height-default\" data-id=\"9597920\" data-element_type=\"section\" data-e-type=\"section\">\n\t\t\t\t\t\t<div class=\"elementor-container elementor-column-gap-default\">\n\t\t\t\t\t<div class=\"elementor-column elementor-col-100 elementor-top-column elementor-element elementor-element-6d491c2\" data-id=\"6d491c2\" data-element_type=\"column\" data-e-type=\"column\">\n\t\t\t<div class=\"elementor-widget-wrap elementor-element-populated\">\n\t\t\t\t\t\t<div class=\"elementor-element elementor-element-57e6364 elementor-widget elementor-widget-text-editor\" data-id=\"57e6364\" data-element_type=\"widget\" data-e-type=\"widget\" data-widget_type=\"text-editor.default\">\n\t\t\t\t<div class=\"elementor-widget-container\">\n\t\t\t\t\t\t\t\t\t<p><strong>2023.12.21-\u00e9n este kihirdette a korm\u00e1ny az \u00faj idegenrend\u00e9szeti t\u00f6rv\u00e9nyt, amely 2024.01.01-t\u0151l hat\u00e1lyos.<\/strong><\/p>\n\t\t\t\t\t\t\t\t<\/div>\n\t\t\t\t<\/div>\n\t\t\t\t\t<\/div>\n\t\t<\/div>\n\t\t\t\t\t<\/div>\n\t\t<\/section>\n\t\t\t\t<section class=\"elementor-section elementor-top-section elementor-element elementor-element-b890b4d elementor-section-boxed elementor-section-height-default elementor-section-height-default\" data-id=\"b890b4d\" data-element_type=\"section\" data-e-type=\"section\">\n\t\t\t\t\t\t<div class=\"elementor-container elementor-column-gap-default\">\n\t\t\t\t\t<div class=\"elementor-column elementor-col-100 elementor-top-column elementor-element elementor-element-58d34a6\" data-id=\"58d34a6\" data-element_type=\"column\" data-e-type=\"column\">\n\t\t\t<div class=\"elementor-widget-wrap elementor-element-populated\">\n\t\t\t\t\t\t<div class=\"elementor-element elementor-element-6ef3556 elementor-widget elementor-widget-text-editor\" data-id=\"6ef3556\" data-element_type=\"widget\" data-e-type=\"widget\" data-widget_type=\"text-editor.default\">\n\t\t\t\t<div class=\"elementor-widget-container\">\n\t\t\t\t\t\t\t\t\t<p>A 2024.01.01. el\u0151tt beadott k\u00e9relmek elb\u00edr\u00e1l\u00e1sa m\u00e9g a jelenlegi t\u00f6rv\u00e9nyek alapj\u00e1n t\u00f6rt\u00e9nik, m\u00edg a janu\u00e1r elsej\u00e9n vagy ut\u00e1na beadott k\u00e9relmeket m\u00e1r az \u00faj jogszab\u00e1lyok alapj\u00e1n b\u00edr\u00e1lja a hivatal. <\/p>\n\t\t\t\t\t\t\t\t<\/div>\n\t\t\t\t<\/div>\n\t\t\t\t\t<\/div>\n\t\t<\/div>\n\t\t\t\t\t<\/div>\n\t\t<\/section>\n\t\t\t\t<section class=\"elementor-section elementor-top-section elementor-element elementor-element-686ecc2 elementor-section-boxed elementor-section-height-default elementor-section-height-default\" data-id=\"686ecc2\" data-element_type=\"section\" data-e-type=\"section\">\n\t\t\t\t\t\t<div class=\"elementor-container elementor-column-gap-default\">\n\t\t\t\t\t<div class=\"elementor-column elementor-col-100 elementor-top-column elementor-element elementor-element-cbd278e\" data-id=\"cbd278e\" data-element_type=\"column\" data-e-type=\"column\">\n\t\t\t<div class=\"elementor-widget-wrap elementor-element-populated\">\n\t\t\t\t\t\t<div class=\"elementor-element elementor-element-19b1faf elementor-widget elementor-widget-text-editor\" data-id=\"19b1faf\" data-element_type=\"widget\" data-e-type=\"widget\" data-widget_type=\"text-editor.default\">\n\t\t\t\t<div class=\"elementor-widget-container\">\n\t\t\t\t\t\t\t\t\t<p>A t\u00f6rv\u00e9nyhez kapcsol\u00f3d\u00f3an sz\u00fcks\u00e9ges kapcsol\u00f3d\u00f3 szab\u00e1lyoz\u00e1sok \u00e9s elj\u00e1r\u00e1si gyakorlatok tov\u00e1bbra is kialak\u00edt\u00e1s alatt vannak, emiatt enged\u00e9ly k\u00e9relmek bead\u00e1s\u00e1ra 2024.01.01. \u00e9s 2024.02.29 k\u00f6z\u00f6tt nem lesz lehet\u0151s\u00e9g.  Ezen id\u0151 alatt a kor\u00e1bban beadott, de m\u00e9g el nem b\u00edr\u00e1lt k\u00e9relmek kapcs\u00e1n is sz\u00fcnetel a b\u00edr\u00e1lat.<\/p>\n\t\t\t\t\t\t\t\t<\/div>\n\t\t\t\t<\/div>\n\t\t\t\t\t<\/div>\n\t\t<\/div>\n\t\t\t\t\t<\/div>\n\t\t<\/section>\n\t\t\t\t<section class=\"elementor-section elementor-top-section elementor-element elementor-element-7fbd3fc elementor-section-boxed elementor-section-height-default elementor-section-height-default\" data-id=\"7fbd3fc\" data-element_type=\"section\" data-e-type=\"section\">\n\t\t\t\t\t\t<div class=\"elementor-container elementor-column-gap-default\">\n\t\t\t\t\t<div class=\"elementor-column elementor-col-100 elementor-top-column elementor-element elementor-element-92fa126\" data-id=\"92fa126\" data-element_type=\"column\" data-e-type=\"column\">\n\t\t\t<div class=\"elementor-widget-wrap elementor-element-populated\">\n\t\t\t\t\t\t<div class=\"elementor-element elementor-element-cd0346a elementor-widget elementor-widget-text-editor\" data-id=\"cd0346a\" data-element_type=\"widget\" data-e-type=\"widget\" data-widget_type=\"text-editor.default\">\n\t\t\t\t<div class=\"elementor-widget-container\">\n\t\t\t\t\t\t\t\t\t<p>A 2024.01.01. \u00e9s 2024.02.29. k\u00f6z\u00f6tt lej\u00e1r\u00f3 enged\u00e9lyek \u00e9rv\u00e9nyess\u00e9ge automatikusan meghosszabbodik 2024.04.30-ig.   Err\u0151l azonban sem igazol\u00e1s, sem \u00faj enged\u00e9ly k\u00e1rtya nem ker\u00fcl kiad\u00e1sra, \u00edgy javasoljuk, fontolj\u00e1k meg a k\u00fclf\u00f6ldi utakat. Magyarorsz\u00e1g ugyan \u00e9rv\u00e9nyesnek tekinti ezeket az enged\u00e9lyeket, de m\u00e1s orsz\u00e1gok megtagadhatj\u00e1k a Schengen z\u00f3na ir\u00e1ny\u00e1ba t\u00f6rt\u00e9n\u0151 utaz\u00e1st a lej\u00e1rt okm\u00e1ny alapj\u00e1n.<\/p>\n\t\t\t\t\t\t\t\t<\/div>\n\t\t\t\t<\/div>\n\t\t\t\t\t<\/div>\n\t\t<\/div>\n\t\t\t\t\t<\/div>\n\t\t<\/section>\n\t\t\t\t<section class=\"elementor-section elementor-top-section elementor-element elementor-element-018a5ec elementor-section-boxed elementor-section-height-default elementor-section-height-default\" data-id=\"018a5ec\" data-element_type=\"section\" data-e-type=\"section\">\n\t\t\t\t\t\t<div class=\"elementor-container elementor-column-gap-default\">\n\t\t\t\t\t<div class=\"elementor-column elementor-col-100 elementor-top-column elementor-element elementor-element-e43e699\" data-id=\"e43e699\" data-element_type=\"column\" data-e-type=\"column\">\n\t\t\t<div class=\"elementor-widget-wrap elementor-element-populated\">\n\t\t\t\t\t\t<div class=\"elementor-element elementor-element-27a98d0 elementor-widget elementor-widget-text-editor\" data-id=\"27a98d0\" data-element_type=\"widget\" data-e-type=\"widget\" data-widget_type=\"text-editor.default\">\n\t\t\t\t<div class=\"elementor-widget-container\">\n\t\t\t\t\t\t\t\t\t<p>A v\u00e1rakoz\u00e1soknak megfelel\u0151en az \u00faj idegenrend\u00e9szeti t\u00f6rv\u00e9ny jelent\u0151sen megv\u00e1ltoztatja az el\u00e9rhet\u0151 enged\u00e9ly t\u00edpusokat, a tudnival\u00f3kkal kapcsolatban hamarosan jelentkez\u00fcnk.<\/p>\n\t\t\t\t\t\t\t\t<\/div>\n\t\t\t\t<\/div>\n\t\t\t\t\t<\/div>\n\t\t<\/div>\n\t\t\t\t\t<\/div>\n\t\t<\/section>\n\t\t\t\t<section class=\"elementor-section elementor-top-section elementor-element elementor-element-2321ab0 elementor-section-boxed elementor-section-height-default elementor-section-height-default\" data-id=\"2321ab0\" data-element_type=\"section\" data-e-type=\"section\">\n\t\t\t\t\t\t<div class=\"elementor-container elementor-column-gap-default\">\n\t\t\t\t\t<div class=\"elementor-column elementor-col-100 elementor-top-column elementor-element elementor-element-0153e87\" data-id=\"0153e87\" data-element_type=\"column\" data-e-type=\"column\">\n\t\t\t<div class=\"elementor-widget-wrap elementor-element-populated\">\n\t\t\t\t\t\t<div class=\"elementor-element elementor-element-9c08ed0 elementor-widget elementor-widget-heading\" data-id=\"9c08ed0\" data-element_type=\"widget\" data-e-type=\"widget\" data-widget_type=\"heading.default\">\n\t\t\t\t<div class=\"elementor-widget-container\">\n\t\t\t\t\t<h6 class=\"elementor-heading-title elementor-size-default\">Az \u00faj t\u00f6rv\u00e9nnyel kapcsolatban al\u00e1bb olvashatj\u00e1k az Orsz\u00e1gos Idegenrend\u00e9szeti F\u0151igazgat\u00f3s\u00e1g t\u00e1j\u00e9koztat\u00f3j\u00e1t:<\/h6>\t\t\t\t<\/div>\n\t\t\t\t<\/div>\n\t\t\t\t\t<\/div>\n\t\t<\/div>\n\t\t\t\t\t<\/div>\n\t\t<\/section>\n\t\t\t\t<section class=\"elementor-section elementor-top-section elementor-element elementor-element-4f3fd60 elementor-section-boxed elementor-section-height-default elementor-section-height-default\" data-id=\"4f3fd60\" data-element_type=\"section\" data-e-type=\"section\">\n\t\t\t\t\t\t<div class=\"elementor-container elementor-column-gap-default\">\n\t\t\t\t\t<div class=\"elementor-column elementor-col-100 elementor-top-column elementor-element elementor-element-467172d\" data-id=\"467172d\" data-element_type=\"column\" data-e-type=\"column\">\n\t\t\t<div class=\"elementor-widget-wrap elementor-element-populated\">\n\t\t\t\t\t\t<div class=\"elementor-element elementor-element-aef6658 elementor-widget elementor-widget-text-editor\" data-id=\"aef6658\" data-element_type=\"widget\" data-e-type=\"widget\" data-widget_type=\"text-editor.default\">\n\t\t\t\t<div class=\"elementor-widget-container\">\n\t\t\t\t\t\t\t\t\t<p><em>T\u00e1j\u00e9koztatjuk \u00d6n\u00f6ket, hogy a harmadik orsz\u00e1gbeli \u00e1llampolg\u00e1rok beutaz\u00e1s\u00e1ra \u00e9s tart\u00f3zkod\u00e1s\u00e1ra vonatkoz\u00f3 \u00e1ltal\u00e1nos szab\u00e1lyokr\u00f3l sz\u00f3l\u00f3 t\u00f6rv\u00e9ny alapj\u00e1n \u2013 elt\u00e9r\u0151 rendelkez\u00e9s hi\u00e1ny\u00e1ban \u2013 <strong>2024. janu\u00e1r 1. \u00e9s 2024. febru\u00e1r 29. k\u00f6z\u00f6tt nem ny\u00fajthat\u00f3 be<\/strong> tart\u00f3zkod\u00e1si enged\u00e9ly ir\u00e1nti, illet\u0151leg ideiglenes\/nemzeti\/EU tart\u00f3zkod\u00e1si k\u00e1rtya (kor\u00e1bban ideiglenes\/nemzeti\/EK leteleped\u00e9si enged\u00e9ly) ir\u00e1nti  <strong>k\u00e9relem.<\/strong><\/em><\/p>\n<p><em><strong>A 2024. janu\u00e1r 1. el\u0151tt beny\u00fajtott tart\u00f3zkod\u00e1si, valamint leteleped\u00e9si enged\u00e9lyekre vonatkoz\u00f3 k\u00e9relmek tekintet\u00e9ben az elj\u00e1r\u00e1s 2024. janu\u00e1r 1-je \u00e9s 2024. febru\u00e1r 29-e k\u00f6z\u00f6tt sz\u00fcnetel,<\/strong> erre tekintettel az Orsz\u00e1gos Idegenrend\u00e9szeti F\u0151igazgat\u00f3s\u00e1g nem hozhat d\u00f6nt\u00e9st ezen k\u00e9relmek \u00fcgy\u00e9ben. Amennyiben t\u00e1mogat\u00f3 dokumentumot k\u00edv\u00e1n a folyamatban l\u00e9v\u0151 elj\u00e1r\u00e1s\u00e1hoz csatolni, arra lehet\u0151s\u00e9ge van. A 2023. december 31-ig szab\u00e1lyszer\u0171en beny\u00fajtott k\u00e9relmek \u00fcgy\u00e9ben a sz\u00fcnetel\u00e9s hat\u00e1rnapj\u00e1nak lej\u00e1rt\u00e1t, 2024. febru\u00e1r 29-\u00e9t <strong>k\u00f6vet\u0151en az idegenrend\u00e9szeti hat\u00f3s\u00e1g k\u00fcl\u00f6n k\u00e9relem beny\u00fajt\u00e1sa n\u00e9lk\u00fcl folytatja az elj\u00e1r\u00e1st,<\/strong>\u00e9s a k\u00e9relem beny\u00fajt\u00e1s\u00e1nak id\u0151pontj\u00e1ban hat\u00e1lyos jogszab\u00e1lyoknak megfelel\u0151 d\u00f6nt\u00e9st hoz.<\/em><\/p>\n<p><strong><em>A 2024. janu\u00e1r 1-je \u00e9s 2024. febru\u00e1r 29-e k\u00f6z\u00f6tt lej\u00e1r\u00f3 tart\u00f3zkod\u00e1si enged\u00e9lyek \u00e9s leteleped\u00e9si enged\u00e9lyek \u00e9rv\u00e9nyess\u00e9ge 2024. \u00e1prilis 30-ig meghosszabbodik.<\/em><\/strong><em>. Ennek \u00e9rdek\u00e9ben az \u00e9rintetteknek nincs tennival\u00f3juk, nem kell megjelenni az \u00dcgyf\u00e9lszolg\u00e1latokon, \u00e9s k\u00e9relmet sem kell beny\u00fajtaniuk<strong>. Az \u00e9rv\u00e9nyess\u00e9gi id\u0151 meghosszabb\u00edt\u00e1s\u00e1r\u00f3l k\u00fcl\u00f6n igazol\u00e1s kiad\u00e1s\u00e1ra nem ker\u00fcl sor.<\/strong>. Az okm\u00e1nyok meghosszabb\u00edt\u00e1s\u00e1ra vonatkoz\u00f3 rendelkez\u00e9s a jogszer\u0171 magyarorsz\u00e1gi tart\u00f3zkod\u00e1st biztos\u00edtja.<\/em><\/p>\n<p><em>Felh\u00edvjuk ugyanakkor a figyelm\u00fcket, hogy az okm\u00e1nyon szerepl\u0151 lej\u00e1rati d\u00e1tumra tekintettel fontolj\u00e1k meg a k\u00fclf\u00f6ldre utaz\u00e1sukat, mert a Magyarorsz\u00e1gra (\u00edgy a schengeni t\u00e9rs\u00e9gbe) t\u00f6rt\u00e9n\u0151 beutaz\u00e1suk enged\u00e9lyez\u00e9se m\u00e1s tag\u00e1llamban bizonytalan.<\/em><\/p>\n<p><em>Felh\u00edvjuk a figyelm\u00fcket, hogy a 2024. janu\u00e1r 1-je \u00e9s febru\u00e1r 29-e k\u00f6z\u00f6tti id\u0151szakban kiz\u00e1r\u00f3lag az al\u00e1bbi \u00fcgyt\u00edpusok int\u00e9z\u00e9s\u00e9re van lehet\u0151s\u00e9g:<\/em><\/p>\n<ul>\n<li><em>a 2023. december 31-ig beny\u00fajtott elektronikus k\u00e9relmek eset\u00e9ben a biometrikus adatok felv\u00e9tele;<\/em><\/li>\n<li><em>okm\u00e1ny csere \u00e9s p\u00f3tl\u00e1s k\u00e9relmek;<\/em><\/li>\n<li><em>lej\u00e1r\u00f3 ideiglenes tart\u00f3zkod\u00e1sra jogos\u00edt\u00f3 igazol\u00e1s meghosszabb\u00edt\u00e1sa;<\/em><\/li>\n<li><em>bev\u00e1ndorl\u00e1si enged\u00e9ly okm\u00e1ny \u00e9rv\u00e9nyess\u00e9g\u00e9nek hosszabb\u00edt\u00e1sa;<\/em><\/li>\n<li><em>EGT \u00e1llampolg\u00e1rok regisztr\u00e1ci\u00f3s igazol\u00e1s \u00e9s \u00e1lland\u00f3 tart\u00f3zkod\u00e1si k\u00e1rtya kiad\u00e1s ir\u00e1nti k\u00e9relme;<\/em><\/li>\n<li><em>EGT \u00e1llampolg\u00e1r csal\u00e1dtagjainak tart\u00f3zkod\u00e1si k\u00e1rtya \u00e9s huzamos tart\u00f3zkod\u00e1si k\u00e1rtya kiad\u00e1sa \u00e9s meghosszabb\u00edt\u00e1sa ir\u00e1nti k\u00e9relme.<\/em><\/li>\n<\/ul>\n\t\t\t\t\t\t\t\t<\/div>\n\t\t\t\t<\/div>\n\t\t\t\t\t<\/div>\n\t\t<\/div>\n\t\t\t\t\t<\/div>\n\t\t<\/section>\n\t\t\t\t<section class=\"elementor-section elementor-top-section elementor-element elementor-element-6100f4e elementor-section-boxed elementor-section-height-default elementor-section-height-default\" data-id=\"6100f4e\" data-element_type=\"section\" data-e-type=\"section\">\n\t\t\t\t\t\t<div class=\"elementor-container elementor-column-gap-default\">\n\t\t\t\t\t<div class=\"elementor-column elementor-col-100 elementor-top-column elementor-element elementor-element-71f2c97\" data-id=\"71f2c97\" data-element_type=\"column\" data-e-type=\"column\">\n\t\t\t<div class=\"elementor-widget-wrap elementor-element-populated\">\n\t\t\t\t\t\t<div class=\"elementor-element elementor-element-165da31 elementor-widget-divider--view-line elementor-widget elementor-widget-divider\" data-id=\"165da31\" data-element_type=\"widget\" data-e-type=\"widget\" data-widget_type=\"divider.default\">\n\t\t\t\t<div class=\"elementor-widget-container\">\n\t\t\t\t\t\t\t<div class=\"elementor-divider\">\n\t\t\t<span class=\"elementor-divider-separator\">\n\t\t\t\t\t\t<\/span>\n\t\t<\/div>\n\t\t\t\t\t\t<\/div>\n\t\t\t\t<\/div>\n\t\t\t\t\t<\/div>\n\t\t<\/div>\n\t\t\t\t\t<\/div>\n\t\t<\/section>\n\t\t\t\t<section class=\"elementor-section elementor-top-section elementor-element elementor-element-88b8626 elementor-section-boxed elementor-section-height-default elementor-section-height-default\" data-id=\"88b8626\" data-element_type=\"section\" data-e-type=\"section\">\n\t\t\t\t\t\t<div class=\"elementor-container elementor-column-gap-default\">\n\t\t\t\t\t<div class=\"elementor-column elementor-col-100 elementor-top-column elementor-element elementor-element-6b35cfb\" data-id=\"6b35cfb\" data-element_type=\"column\" data-e-type=\"column\">\n\t\t\t<div class=\"elementor-widget-wrap elementor-element-populated\">\n\t\t\t\t\t\t<div class=\"elementor-element elementor-element-a1276d6 elementor-widget elementor-widget-text-editor\" data-id=\"a1276d6\" data-element_type=\"widget\" data-e-type=\"widget\" data-widget_type=\"text-editor.default\">\n\t\t\t\t<div class=\"elementor-widget-container\">\n\t\t\t\t\t\t\t\t\t<p>K\u00f6vessen minket <a href=\"https:\/\/www.facebook.com\/settlersrelocation\" target=\"_blank\" rel=\"noopener\"><strong>Facebook<\/strong><\/a>, vagy <a href=\"https:\/\/www.linkedin.com\/company\/settlers-relocation-kft\/\" target=\"_blank\" rel=\"noopener\"><strong>LinkedIn<\/strong><\/a> oldalunkon, hogy azonnal \u00e9rtes\u00fclj\u00f6n az \u00faj cikkeinkr\u0151l.<\/p>\n\t\t\t\t\t\t\t\t<\/div>\n\t\t\t\t<\/div>\n\t\t\t\t\t<\/div>\n\t\t<\/div>\n\t\t\t\t\t<\/div>\n\t\t<\/section>\n\t\t\t\t<\/div>\n\t\t","protected":false},"excerpt":{"rendered":"<p>2023.12.21-\u00e9n este kihirdette a korm\u00e1ny az \u00faj idegenrend\u00e9szeti t\u00f6rv\u00e9nyt, amely 2024.01.01-t\u0151l hat\u00e1lyos.<\/p>\n","protected":false},"author":4,"featured_media":2111,"comment_status":"closed","ping_status":"closed","sticky":false,"template":"","format":"standard","meta":{"footnotes":""},"categories":[59,27],"tags":[],"class_list":["post-2113","post","type-post","status-publish","format-standard","has-post-thumbnail","hentry","category-bejegyzesek","category-hatosagi-temak"],"_links":{"self":[{"href":"https:\/\/settlers.hu\/hu\/wp-json\/wp\/v2\/posts\/2113","targetHints":{"allow":["GET"]}}],"collection":[{"href":"https:\/\/settlers.hu\/hu\/wp-json\/wp\/v2\/posts"}],"about":[{"href":"https:\/\/settlers.hu\/hu\/wp-json\/wp\/v2\/types\/post"}],"author":[{"embeddable":true,"href":"https:\/\/settlers.hu\/hu\/wp-json\/wp\/v2\/users\/4"}],"replies":[{"embeddable":true,"href":"https:\/\/settlers.hu\/hu\/wp-json\/wp\/v2\/comments?post=2113"}],"version-history":[{"count":3,"href":"https:\/\/settlers.hu\/hu\/wp-json\/wp\/v2\/posts\/2113\/revisions"}],"predecessor-version":[{"id":2116,"href":"https:\/\/settlers.hu\/hu\/wp-json\/wp\/v2\/posts\/2113\/revisions\/2116"}],"wp:featuredmedia":[{"embeddable":true,"href":"https:\/\/settlers.hu\/hu\/wp-json\/wp\/v2\/media\/2111"}],"wp:attachment":[{"href":"https:\/\/settlers.hu\/hu\/wp-json\/wp\/v2\/media?parent=2113"}],"wp:term":[{"taxonomy":"category","embeddable":true,"href":"https:\/\/settlers.hu\/hu\/wp-json\/wp\/v2\/categories?post=2113"},{"taxonomy":"post_tag","embeddable":true,"href":"https:\/\/settlers.hu\/hu\/wp-json\/wp\/v2\/tags?post=2113"}],"curies":[{"name":"wp","href":"https:\/\/api.w.org\/{rel}","templated":true}]}}